{"provider_url": "https://www.corumbiara.ro.leg.br", "title": "SESS\u00c3O EXTRAORDIN\u00c1RIA DIA 14 DE AGOSTO.", "html": "\r\n<p style=\"text-align: justify;\" class=\"MsoListParagraphCxSpFirst\">&nbsp;</p>\r\n<p>&nbsp; &nbsp; &nbsp; &nbsp; &nbsp; &nbsp; &nbsp;&nbsp;</p>\r\n<p style=\"text-align: justify;\">&nbsp;1 - Leitura, discuss\u00e3o e delibera\u00e7\u00e3o do <em>Projeto de Lei n\u00ba 026/2013 </em>de autoria do\r\nPrefeito Municipal que\r\n\u201cDisp\u00f5e sobre autoriza\u00e7\u00e3o para Abertura de Credito Adicional Especial e da\r\noutras providencias\u201d</p>\r\n<p style=\"text-align: justify;\" class=\"MsoListParagraphCxSpMiddle\">2<em>\u2013 </em>Leitura,\r\ndiscuss\u00e3o e delibera\u00e7\u00e3o do <em>Projeto de Lei\r\nn\u00ba 027/2013 </em>de autoria do Vereador Valdinei Antonio Coelho que \u201cDisp\u00f5e sobre autoriza\u00e7\u00e3o para\r\nAbertura de Credito Adicional Suplementar e da outras providencias\u201d</p>\r\n<p style=\"text-align: justify;\" class=\"MsoListParagraphCxSpFirst\">&nbsp;<em>3\r\n\u2013 </em>Leitura, discuss\u00e3o e delibera\u00e7\u00e3o do <em>Projeto de Resolu\u00e7\u00e3o n\u00ba 003/2013 </em>de autoria da Mesa Diretora da\r\nC\u00e2mara, que \u201cDisp\u00f5e\r\nsobre altera\u00e7\u00e3o e cria\u00e7\u00e3o de fun\u00e7\u00e3o gratificada na estrutura administrativa da\r\nc\u00e2mara municipal de Corumbiara - RO e da outras providencias\u201d<strong>.</strong></p>\r\n<p style=\"text-align: justify;\" class=\"MsoListParagraphCxSpLast\"><em></em></p>\r\n", "author_name": "wando", "version": "1.0", "author_url": "https://www.corumbiara.ro.leg.br/author/wando", "provider_name": "C\u00e2mara Municipal de Corumbiara", "type": "rich"}