{"provider_url": "https://www.corumbiara.ro.leg.br", "title": "Curso de Orat\u00f3ria", "html": "<p style=\"text-align: justify; \">Aos dias 22, 23, 24, 25 e 26 de maio de 2017, ocorreu em Corumbiara um grandioso evento, durante o per\u00edodo vespertino no Plen\u00e1rio da C\u00e2mara Municipal Pal\u00e1cio Manoel Ribeiro, no hor\u00e1rio de 14:00 \u00e0s 18:00. Foram mais de setenta inscritos para a realiza\u00e7\u00e3o do Curso em Orat\u00f3ria, entre o p\u00fablico alvo, tivemos a presen\u00e7a de alguns colaboradores do setor p\u00fablico e privado, autoridades do munic\u00edpio, representantes de igrejas e comunidades, entre outros.</p>\r\n<p style=\"text-align: justify; \">A Assembleia Legislativa do Estado de Rond\u00f4nia, por meio da Escola do Legislativo, disponibilizou para o Munic\u00edpio o Instrutor: Adm. P\u00fablico. Renn\u00e9 Andr\u00e9 Valente Lobo, no qual ministrou todas as palestras durante o evento.</p>\r\n<p style=\"text-align: justify; \">A orat\u00f3ria sempre foi e, muito provavelmente, sempre ser\u00e1 uma ferramenta que pode promover ascens\u00e3o social em v\u00e1rias dimens\u00f5es, sejam elas pessoais, profissionais, pol\u00edticas e outras. Ela, por sua vez, pode nos conduzir a aprofundar o conhecimento de si mesmo, tornando-nos pessoas melhores, mais humanas e abertas a novos di\u00e1logos, ideias e horizontes.</p>\r\n<p style=\"text-align: justify; \">Com seu vasto conhecimento, o instrutor, mais conhecido como Renn\u00e9 Lobo, abordou alguns atributos para dominar a orat\u00f3ria, tais como; a credibilidade, a voz, o vocabul\u00e1rio, a express\u00e3o corporal e a apar\u00eancia.</p>\r\n<p style=\"text-align: justify; \">Ap\u00f3s o conte\u00fado abordado pelo instrutor, com os esclarecimentos elencados ao longo dos dias, no dia 26-05-2017 (sexta-feira), os alunos matriculados, tiveram que fazer uma apresenta\u00e7\u00e3o com \u201cTemas Livres\u201d escolhidos de acordo com a afinidade de cada indiv\u00edduo, com o objetivo, de concretizar a aprendizagem constru\u00edda durante a semana. Os oradores, abordaram temas, entre eles: preven\u00e7\u00e3o de doen\u00e7as, psicologia, rela\u00e7\u00f5es interpessoais, positividade, sa\u00fade, fam\u00edlia, musicoterapia, a bacia leiteira do munic\u00edpio de Corumbiara, a desigualdade no trabalho perante as mulheres.</p>\r\n<p style=\"text-align: justify; \">Al\u00e9m de t\u00e9cnicas para serem usadas em diversas situa\u00e7\u00f5es. A uni\u00e3o de todas as informa\u00e7\u00f5es abordadas durante o curso, juntamente com o esfor\u00e7o e dedica\u00e7\u00e3o, ajudar\u00e3o os alunos a se tornarem grandes oradores.</p>\r\n<p style=\"text-align: justify; \">Durante o encerramento do Curso em Orat\u00f3ria, tivemos a presen\u00e7a do Vice-Prefeito Genadir Ribeiro, os Vereadores (as) Ildelita Raulino, Jo\u00e3o Matias Valad\u00e3o, Jos\u00e9 Carlos de Lima, Sidnei dos Santos Moura, Terezinha Aparecida, e o Chefe do Legislativo Valdemir Marcolino, representando o Ver. Presidente Valdinei da Costa Esp\u00edndola, e a Coordenadora do Centro de Refer\u00eancia de Assist\u00eancia Social (CRAS) Gislaine Silva Freire.</p>\r\n<p>\u00a0</p>\r\n<p style=\"text-align: justify; \">\u00a0</p>", "author_name": "ROSE", "version": "1.0", "author_url": "https://www.corumbiara.ro.leg.br/author/ROSE", "provider_name": "C\u00e2mara Municipal de Corumbiara", "type": "rich"}