{"provider_url": "https://www.corumbiara.ro.leg.br", "title": "Capela Mortu\u00e1ria", "html": "<p style=\"text-align: justify; \"><span>Na tarde do dia 06 de setembro de 2017, os Vereadores Valdinei Esp\u00edndola (PDT), Emerson Teixeira de Souza (PMDB), Branca da Emater (PDT)</span><span>\u00a0e a Chefe do Detran Rosimeire, esteve em uma importante reuni\u00e3o com a Dep. Estadual Rosangela Donadon (PMDB), em que foram tratados v\u00e1rios assuntos para a melhoria do Munic\u00edpio de Corumbiara, e ficou acordado que a nossa Deputada Estudal contemplar\u00e1 o Municipio com R$ 100.000,00 para a Constru\u00e7\u00e3o da Capela Mortu\u00e1ria.</span></p>\r\n<p style=\"text-align: justify; \"><span>Em viagem a Porto Velho os Vereadores Emerson Teixeira e Branca da Emater, protocolaram oficio, no Gabinete do Deputado Maur\u00e3o de Carvalho (PMDB), e o mesmo fez o compromisso com mais R$100.000,00, para a Constru\u00e7\u00e3o da Capela Mortu\u00e1ria, participou da Reuni\u00e3o o Vereador Jos\u00e9 Viola (PSB) e Daniel Camilo (PP).</span></p>\r\n<p style=\"text-align: justify; \"><span>Sendo assim com a participa\u00e7\u00e3o dos Dois Deputados, j\u00e1 somam R$ 200.000,00, para atender a essa necessidade antiga da comunidade, todos salientaram da import\u00e2ncia de Velar um ente querido, com mais dignidade, pois n<span>ingu\u00e9m gostaria de passar por essa situa\u00e7\u00e3o, mas \u00e9 importante que haja um local digno e adequado para os funerais.</span></span></p>\r\n<p style=\"text-align: justify; \"><strong>Reuni\u00e3o com a Deputada Estadual Rosangela Donandon em Vilhena.</strong></p>\r\n<p><img src=\"https://www.corumbiara.ro.leg.br/rosang.jpg/@@images/0c6e177b-8579-4397-b0f0-8edcbcc34a13.jpeg\" alt=\"\" class=\"image-inline\" title=\"\" /></p>\r\n<p><img src=\"https://www.corumbiara.ro.leg.br/rosangela.jpg/@@images/f1278cac-2eba-4722-a675-ef842a2a5b5f.jpeg\" alt=\"\" class=\"image-inline\" title=\"\" /></p>\r\n<p><strong>Reuni\u00e3o com o Deputado Estadual Maur\u00e3o de Carvalho em Porto Velho.</strong></p>\r\n<p><img src=\"https://www.corumbiara.ro.leg.br/emerd.jpg/@@images/32959044-2fce-4e1d-84c4-59b8ef576f78.jpeg\" alt=\"\" class=\"image-inline\" title=\"\" /></p>\r\n<p><img src=\"https://www.corumbiara.ro.leg.br/mauro.jpg/@@images/96468a58-efb9-4eb7-953b-683afd21bf85.jpeg\" alt=\"\" class=\"image-inline\" title=\"\" /></p>", "author_name": "rosilene", "version": "1.0", "author_url": "https://www.corumbiara.ro.leg.br/author/rosilene", "provider_name": "C\u00e2mara Municipal de Corumbiara", "type": "rich"}