{"provider_url": "https://www.corumbiara.ro.leg.br", "title": "Perguntas Frequentes", "html": "<p><img src=\"https://www.corumbiara.ro.leg.br/imagens/faq-logo.png/image_thumb\" alt=\"FAQ\" class=\"image-right\" title=\"Faq Logo\" /></p>\r\n<h2>Perguntas</h2>\r\n<ol>\r\n<li><a href=\"#p1\">O que \u00e9 a C\u00e2mara Municipal?</a></li>\r\n<li><a href=\"#p2\">Quais as fun\u00e7\u00f5es da C\u00e2mara?</a></li>\r\n<li><a href=\"#p3\" target=\"_self\" title=\"\">Quantos Vereadores comp\u00f5em a C\u00e2mara Municipal de Corumbiara?</a></li>\r\n<li><a href=\"#p4\" target=\"_self\" title=\"\">O que \u00e9 uma Legislatura? E quando ela se incia?</a></li>\r\n<li><a href=\"#p5\" target=\"_self\" title=\"\">O que \u00e9 uma Sess\u00e3o Legislativa?</a></li>\r\n<li><a href=\"#p6\" target=\"_self\" title=\"\">O que \u00e9 um Per\u00edodo Legislativo?</a></li>\r\n<li><a href=\"#p7\" target=\"_self\" title=\"\">O que s\u00e3o sess\u00f5es da C\u00e2mara Municipal?</a></li>\r\n<li><a href=\"#p8\" target=\"_self\" title=\"\">Quando acontecem as Sess\u00f5es Ordin\u00e1rias da C\u00e2mara?</a></li>\r\n<li><a href=\"#p9\" target=\"_self\" title=\"\">As sess\u00f5es da c\u00e2mara s\u00e3o p\u00fablicas?</a></li>\r\n<li><a href=\"#p10\" target=\"_self\" title=\"\">O que s\u00e3o as Comiss\u00f5es da C\u00e2mara Municipal?</a></li>\r\n<li><a href=\"#p11\" target=\"_self\" title=\"\">O que \u00e9 a Mesa Diretora da C\u00e2mara Municipal?</a></li>\r\n<li><a href=\"#p12\" target=\"_self\" title=\"\">Como se escolhe o Presidente e a Mesa Diretora da C\u00e2mara Municipal?</a></li>\r\n<li><a href=\"#p13\" target=\"_self\" title=\"\">Como se d\u00e1 a fiscaliza\u00e7\u00e3o do Munic\u00edpio?</a></li>\r\n<li><a href=\"#p14\" target=\"_self\" title=\"\">Como os Vereadores fiscalizam o Or\u00e7amento Municipal?</a></li>\r\n<li><a href=\"#p15\" target=\"_self\" title=\"\">Como o Vereador faz as Leis?</a></li>\r\n<li><a href=\"#p16\" target=\"_self\" title=\"\">O que \u00e9 um projeto vetado ou sancionado/promulgado?</a></li>\r\n<li><a href=\"#p17\" target=\"_self\" title=\"\">Durante a sess\u00e3o, o que significa aparte?</a></li>\r\n<li><a href=\"#p18\" target=\"_self\" title=\"\">Como apresentar um projeto de lei de iniciativa popular?</a></li>\r\n<li><a href=\"#p19\" target=\"_self\" title=\"\">O que s\u00e3o Mo\u00e7\u00f5es?</a></li>\r\n<li><a href=\"#p20\" target=\"_self\" title=\"\">O que \u00e9 Indica\u00e7\u00e3o?</a></li>\r\n<li><a href=\"#p21\" target=\"_self\" title=\"\">O que \u00e9 a Ordem do Dia?</a></li>\r\n<li><a href=\"#p22\" target=\"_self\" title=\"\">O que \u00e9 a Pauta?</a></li>\r\n<li><a href=\"#p23\" target=\"_self\" title=\"\">O que \u00e9 a Ouvidoria ?</a></li>\r\n<li><a href=\"#p24\" target=\"_self\" title=\"\">Quantos votos s\u00e3o necess\u00e1rios para se eleger Vereador?</a></li>\r\n<li><a href=\"#p25\" target=\"_self\" title=\"\">Como entro em contato com a C\u00e2mara de Vereadores?</a></li>\r\n<li><a class=\"anchor-link\" href=\"#o-que---tribuna-livre-\" target=\"_self\" title=\"\">O que \u00e9 Tribuna Livre?</a></li>\r\n</ol>\r\n<p>\u00a0</p>\r\n<h2>Respostas</h2>\r\n<h3>O que \u00e9 a C\u00e2mara Municipal?<a name=\"p1\"></a></h3>\r\n<p class=\" \" style=\"text-align: justify; \">A C\u00e2mara Municipal, de maneira resumida, \u00e9 o \u00f3rg\u00e3o respons\u00e1vel pelo exerc\u00edcio do Poder Legislativo, no qual se re\u00fanem os Vereadores, de acordo com a <a title=\"\" href=\"https://www.corumbiara.ro.leg.br/leis/lei-organica-municipal\" class=\"internal-link\" target=\"_self\">Lei Org\u00e2nica do Munic\u00edpio</a>, para promover a elabora\u00e7\u00e3o de leis e realizar o controle e fiscaliza\u00e7\u00e3o da administra\u00e7\u00e3o municipal, principalmente quanto aos atos e as contas do Poder Executivo Municipal.</p>\r\n<p style=\"text-align: justify; \"><span><br /></span></p>\r\n<h3>Quais as fun\u00e7\u00f5es da C\u00e2mara?<a name=\"p2\"></a></h3>\r\n<p class=\" \" style=\"text-align: justify; \">De acordo com o <a title=\"\" href=\"https://www.corumbiara.ro.leg.br/institucional/regimento-interno\" class=\"internal-link\" target=\"_self\">Regimento Interno</a> Atual, a C\u00e2mara Municipal possui as seguintes fun\u00e7\u00f5es: institucional, legislativa, fiscalizadora, julgadora, administrativa, integrativa e assessoramento, al\u00e9m de outras permitidas em Lei e regulamentadas no Regimento. Para saber mais clique <a title=\"\" href=\"https://www.corumbiara.ro.leg.br/institucional/funcao-e-definicao\" class=\"internal-link\" target=\"_self\">aqui</a>.</p>\r\n<p style=\"text-align: justify; \">\u00a0</p>\r\n<h3 class=\" \">Quantos Vereadores comp\u00f5em a C\u00e2mara Municipal de Corumbiara?<a name=\"p3\"></a></h3>\r\n<p class=\" \" style=\"text-align: justify; \">A C\u00e2mara Municipal de Corumbiara \u00e9 composta por 9 (nove) <a title=\"\" href=\"https://www.corumbiara.ro.leg.br/processo-legislativo/parlamentares-1\" class=\"internal-link\" target=\"_self\">Parlamentares</a>, respeitando-se o limite para a popula\u00e7\u00e3o de at\u00e9 15.000 (quinze) mil habitantes, disposto no Art. 29, IV, \"a\", da Constitui\u00e7\u00e3o Federal.</p>\r\n<p class=\" \" style=\"text-align: justify; \">\u00a0</p>\r\n<h3><strong>O que \u00e9 uma Legislatura? E quando ela se incia?<a name=\"p4\"></a></strong></h3>\r\n<p class=\" \" style=\"text-align: justify; \">Legislatura \u00e9 o nome dado ao per\u00edodo de dura\u00e7\u00e3o do mandato do Vereador, ou seja, de quatro anos. A Legislatura se inicia em 1\u00ba de janeiro do ano seguinte ao da elei\u00e7\u00e3o Municipal e se encerra em 31 de dezembro do \u00faltimo ano do mandato. Uma Legislatura \u00e9 formada por quatro Sess\u00f5es Legislativas.</p>\r\n<p style=\"text-align: justify; \">\u00a0</p>\r\n<h3><span>O que \u00e9 uma Sess\u00e3o Legislativa?<a name=\"p5\"></a></span></h3>\r\n<p class=\" \" style=\"text-align: justify; \"><span>Sess\u00e3o Legislativa \u00e9 o per\u00edodo anual, em que o C\u00e2mara Municipal se re\u00fane anualmente, com in\u00edcio em 15 de fevereiro e recesso a partir de 30 junho, com retorno em 01 de agosto e encerramento em 15 de dezembro.</span></p>\r\n<p style=\"text-align: justify; \"><span><br /></span></p>\r\n<h3><span>O que \u00e9 um Per\u00edodo Legislativo?<a name=\"p6\"></a></span></h3>\r\n<p class=\" \" style=\"text-align: justify; \"><span>S\u00e3o os per\u00edodos semestrais que formam uma sess\u00e3o legislativa, ou seja os per\u00edodos antes e depois do recesso.</span></p>\r\n<p style=\"text-align: justify; \"><span><br /></span></p>\r\n<h3><strong>O que s\u00e3o sess\u00f5es da C\u00e2mara Municipal?<a name=\"p7\"></a></strong></h3>\r\n<div>\r\n<p class=\" \">Sess\u00f5es s\u00e3o reuni\u00f5es dos membros da C\u00e2mara em plen\u00e1rio para debater ou votar alguma proposi\u00e7\u00e3o ou para discutir mat\u00e9rias.</p>\r\n<p class=\" \">Podem ser:</p>\r\n</div>\r\n<ul>\r\n<li style=\"text-align: justify; \"><strong>Ordin\u00e1rias</strong>: realizadas nos dias e horas marcadas pelo <a title=\"\" href=\"https://www.corumbiara.ro.leg.br/institucional/regimento-interno\" class=\"internal-link\" target=\"_self\">Regimento Interno</a>;</li>\r\n<li style=\"text-align: justify; \"><strong>Extraordin\u00e1rias</strong>: realizadas nos dias e horas diferentes das sess\u00f5es ordin\u00e1rias;</li>\r\n<li style=\"text-align: justify; \"><strong>Solenes</strong>: realizadas para homenagens e comemora\u00e7\u00f5es;</li>\r\n<li style=\"text-align: justify; \"><strong>Instala\u00e7\u00e3o de Legislatura</strong>: realizadas no in\u00edcio do mandato, para compromisso e posse dos eleitos.</li>\r\n</ul>\r\n<p>\u00a0</p>\r\n<h3>Quando acontecem as Sess\u00f5es Ordin\u00e1rias da C\u00e2mara?<a name=\"p8\"></a></h3>\r\n<div class=\"resposta\">\r\n<p class=\" \" style=\"text-align: justify; \">As sess\u00f5es ordin\u00e1rias acontecem todas as sextas-feiras \u00e0s 9h, no Plen\u00e1rio da C\u00e2mara Municipal.</p>\r\n<p>\u00a0</p>\r\n<h3><span>As sess\u00f5es da c\u00e2mara s\u00e3o p\u00fablicas?<a name=\"p9\"></a></span></h3>\r\n<div class=\"resposta\">\r\n<p class=\" \" style=\"text-align: justify; \">Sim, s\u00e3o p\u00fablicas e toda a popula\u00e7\u00e3o pode participar.</p>\r\n<p>\u00a0</p>\r\n</div>\r\n</div>\r\n<div>\r\n<h3><strong>O que s\u00e3o as comiss\u00f5es da C\u00e2mara Municipal?<a name=\"p10\"></a></strong></h3>\r\n<p class=\" \" style=\"text-align: justify; \">As <a title=\"\" href=\"https://www.corumbiara.ro.leg.br/processo-legislativo/comissoes-1\" class=\"internal-link\" target=\"_self\">COMISS\u00d5ES</a> s\u00e3o \u00f3rg\u00e3os t\u00e9cnicos institu\u00eddos pelo <a title=\"\" href=\"https://www.corumbiara.ro.leg.br/institucional/regimento-interno\" class=\"internal-link\" target=\"_self\">Regimento Interno </a>da Casa, destinados a elaborar estudos e emitir pareceres, representar a C\u00e2mara, dentre outras fun\u00e7\u00f5es.\u00a0</p>\r\n<p class=\" \" style=\"text-align: justify; \">De acordo com o per\u00edodo de vig\u00eancia pelo qual se instalam, podem ser:</p>\r\n<ul style=\"text-align: justify; \">\r\n<li style=\"text-align: justify; \">PERMANENTES: de car\u00e1ter t\u00e9cnico-legislativo, apreciando mat\u00e9rias submetidas a seu exame.</li>\r\n<li style=\"text-align: justify; \">TEMPOR\u00c1RIAS: criadas para apreciar determinados assuntos, com prazo certo de dura\u00e7\u00e3o.</li>\r\n</ul>\r\n<p style=\"text-align: justify; \">\u00a0</p>\r\n<div>\r\n<h3><strong>O que \u00e9 a Mesa Diretora da C\u00e2mara Municipal?<a name=\"p11\"></a></strong></h3>\r\n<p class=\" \" style=\"text-align: justify; \">A <a title=\"\" href=\"https://www.corumbiara.ro.leg.br/processo-legislativo/mesa-diretora-1\" class=\"internal-link\" target=\"_self\">MESA DIRETORA</a> \u00e9 o \u00f3rg\u00e3o que dirige a C\u00e2mara Municipal. \u00c9 eleita pelos Vereadores, com mandato dois anos ano. Suas atribui\u00e7\u00f5es s\u00e3o definidas pela <a title=\"\" href=\"https://www.corumbiara.ro.leg.br/leis/lei-organica-municipal\" class=\"internal-link\" target=\"_self\">Lei Org\u00e2nica do Munic\u00edpio</a> e <a title=\"\" href=\"https://www.corumbiara.ro.leg.br/institucional/regimento-interno\" class=\"internal-link\" target=\"_self\">Regimento Interno</a>.\u00a0</p>\r\n</div>\r\n<p>\u00a0</p>\r\n<div style=\"text-align: justify; \">\r\n<h3>Como se escolhe o Presidente e a Mesa Diretora da C\u00e2mara Municipal?<a name=\"p12\"></a></h3>\r\n<div class=\"resposta\">\r\n<p class=\" \">S\u00e3o formadas chapas com candidatos \u00e0 Presid\u00eancia. Por vota\u00e7\u00e3o aberta e maioria simples de votos, os membros da Casa elegem o Presidente, o Vice-Presidente e 1\u00ba e 2\u00ba secret\u00e1rios.</p>\r\n</div>\r\n</div>\r\n<p>\u00a0</p>\r\n<div>\r\n<div style=\"text-align: justify; \">\r\n<h3><strong>Como se d\u00e1 a fiscaliza\u00e7\u00e3o do Munic\u00edpio?<a name=\"p13\"></a></strong></h3>\r\n<p class=\" \">O Munic\u00edpio sofre fiscaliza\u00e7\u00e3o pela C\u00e2mara Municipal (controle externo) e pelo pr\u00f3prio Poder (controles internos).</p>\r\n<p class=\" \">A C\u00e2mara Municipal conta com o aux\u00edlio do Tribunal de Contas do Estado (TCE/RO). \u00c9 emitido um parecer pr\u00e9vio sobre as contas prestadas pelo Prefeito ao \u00f3rg\u00e3o competente, essencial para que ocorra a devida fiscaliza\u00e7\u00e3o do Munic\u00edpio.</p>\r\n</div>\r\n<p class=\" \" style=\"text-align: justify; \"><em>\"Art. 31 - A fiscaliza\u00e7\u00e3o do Munic\u00edpio ser\u00e1 exercida pelo Poder Legislativo Municipal, mediante controle externo, e pelos sistemas de controle interno do Poder Executivo Municipal, na forma da lei.\u201d</em><br /><em>\u00a7 1\u00ba - O controle externo da C\u00e2mara Municipal ser\u00e1 exercido com o aux\u00edlio dos Tribunais de Contas dos Estados ou do Munic\u00edpio ou dos Conselhos ou Tribunais de Contas dos Munic\u00edpios, onde houver.</em><br /><em>\u00a7 2\u00ba - O parecer pr\u00e9vio, emitido pelo \u00f3rg\u00e3o competente sobre as contas que o Prefeito deve anualmente prestar, s\u00f3 deixar\u00e1 de prevalecer por decis\u00e3o de dois ter\u00e7os dos membros da C\u00e2mara Municipal.</em><br /><em>\u00a7 3\u00ba - As contas dos Munic\u00edpios ficar\u00e3o, durante sessenta dias, anualmente, \u00e0 disposi\u00e7\u00e3o de qualquer contribuinte, para exame e aprecia\u00e7\u00e3o, o qual poder\u00e1 questionar-lhes a legitimidade, nos termos da lei.</em><br /><em>\u00a7 4\u00ba - \u00c9 vedada a cria\u00e7\u00e3o de Tribunais, Conselhos ou \u00f3rg\u00e3os de Contas Municipais.</em></p>\r\n<p style=\"text-align: justify; \"><em>(Constitui\u00e7\u00e3o da Rep\u00fablica Federativa do Brasil)</em></p>\r\n<p style=\"text-align: justify; \">\u00a0</p>\r\n</div>\r\n</div>\r\n<h3><strong>Como os Vereadores fiscalizam o Or\u00e7amento Municipal?<a name=\"p14\"></a></strong></h3>\r\n<p class=\" \" style=\"text-align: justify; \">O or\u00e7amento de uma cidade \u00e9 constitu\u00eddo de despesa e receita. As receitas s\u00e3o os impostos, os empr\u00e9stimos, as transfer\u00eancias ou o dinheiro que os governos estadual e federal mandam para o munic\u00edpio. As despesas s\u00e3o o modo como o munic\u00edpio vai aplicar o que arrecadou. Todo final de ano, o prefeito manda, em forma de lei, esse or\u00e7amento para a C\u00e2mara aprovar. Mas, at\u00e9 o final de julho, as C\u00e2maras devem aprovar a chamada Lei de Diretrizes Or\u00e7ament\u00e1rias, que \u00e9 a norma para fazer a Lei Or\u00e7ament\u00e1ria, contendo as regras e as prioridades na aplica\u00e7\u00e3o dos recursos p\u00fablicos.</p>\r\n<p class=\" \" style=\"text-align: justify; \">\u00a0</p>\r\n<h3><strong>Como o Vereador faz as Leis?<a name=\"p15\"></a></strong></h3>\r\n<p class=\" \" style=\"text-align: justify; \">Por meio de sua assessoria, o vereador elabora e redige os projetos, apresentando-os, em seguida, em Plen\u00e1rio. Ap\u00f3s a leitura, o Projeto \u00e9 despachado pelo Presidente e em seguida o projeto vai para as diversas comiss\u00f5es da C\u00e2mara e passa por duas vota\u00e7\u00f5es. Depois disso, o projeto aprovado vai para o prefeito que pode sancion\u00e1-lo ou vet\u00e1-lo.\u00a0</p>\r\n<p>\u00a0</p>\r\n<h3><strong>O que \u00e9 um projeto vetado ou sancionado/promulgado?<a name=\"p16\"></a></strong></h3>\r\n<p class=\" \" style=\"text-align: justify; \">Depois de aprovado na C\u00e2mara, o projeto vai ao prefeito que pode vet\u00e1-lo, isto \u00e9, recus\u00e1-lo; ou sancion\u00e1-lo, isto \u00e9, aceit\u00e1-lo como Lei. Se o prefeito n\u00e3o veta ou n\u00e3o sanciona, o projeto \u00e9 promulgado como Lei pela C\u00e2mara.\u00a0</p>\r\n<p>\u00a0</p>\r\n<h3><strong>Durante a sess\u00e3o, o que significa aparte?<a name=\"p17\"></a></strong></h3>\r\n<p class=\" \" style=\"text-align: justify; \">Aparte \u00e9 quando um Vereador interrompe o outro que est\u00e1 discursando para fazer pergunta ou acrescentar alguma informa\u00e7\u00e3o.</p>\r\n<p>\u00a0</p>\r\n<h3><strong>Como apresentar um projeto de lei de iniciativa popular?<a name=\"p18\"></a></strong></h3>\r\n<p class=\" \" style=\"text-align: justify; \">Dentro dos projetos de Lei que o Legislativo pode apresentar, a popula\u00e7\u00e3o pode enviar \u00e0 C\u00e2mara projetos de iniciativa popular desde que esteja assinado por, no m\u00ednimo, 5% do eleitorado do munic\u00edpio.\u00a0</p>\r\n<p class=\" \" style=\"text-align: justify; \">O projeto ter\u00e1 tramita\u00e7\u00e3o igual aos dos demais apresentados pelos vereadores.</p>\r\n<div style=\"text-align: justify; \"></div>\r\n<p>\u00a0</p>\r\n<h3><strong>O que s\u00e3o Mo\u00e7\u00f5es?<a name=\"p19\"></a></strong></h3>\r\n<p class=\" \" style=\"text-align: justify; \">\u00c9 a proposi\u00e7\u00e3o sugerida para a C\u00e2mara opinar sobre determinado assunto, apelando, aplaudindo, protestando ou manifestando votos de pesar.\u00a0</p>\r\n<p class=\" \" style=\"text-align: justify; \">\u00a0</p>\r\n<h3><strong>O que \u00e9 Indica\u00e7\u00e3o?<a name=\"p20\"></a></strong></h3>\r\n<p class=\" \" style=\"text-align: justify; \">\u00c9 a proposi\u00e7\u00e3o em que o Vereador sugere ao prefeito municipal alguma medida de interesse p\u00fablico, como limpeza de boca de lobo, instala\u00e7\u00e3o de ponto de \u00f4nibus, entre outros. Com exce\u00e7\u00e3o das indica\u00e7\u00f5es, que s\u00e3o apenas lidas e despachadas, as demais proposi\u00e7\u00f5es devem ser deliberadas pelo Plen\u00e1rio.</p>\r\n<p>\u00a0</p>\r\n<h3><strong>O que \u00e9 a Ordem do Dia?<a name=\"p21\"></a></strong></h3>\r\n<p class=\" \" style=\"text-align: justify; \">\u00c9 a fase da Sess\u00e3o Plen\u00e1ria em que os vereadores discutem e votam as proposituras constantes na pauta.</p>\r\n<p>\u00a0</p>\r\n<h3><strong>O que \u00e9 a Pauta?<a name=\"p22\"></a></strong></h3>\r\n<p class=\" \" style=\"text-align: justify; \">\u00c9 a lista de mat\u00e9rias que ser\u00e3o analisadas pelo Plen\u00e1rio como Mo\u00e7\u00f5es, Requerimentos e Projetos de Lei.\u00a0</p>\r\n<p>\u00a0</p>\r\n<h3>O que \u00e9 a Ouvidoria ?<a name=\"p23\"></a></h3>\r\n<div class=\"resposta\">\r\n<p class=\" \" style=\"text-align: justify; \">A ouvidoria \u00e9 o canal de comunica\u00e7\u00e3o direta entre a sociedade e a C\u00e2mara de Vereadores, uma porta aberta para a cidadania.</p>\r\n<p class=\" \" style=\"text-align: justify; \">\u00c9 o espa\u00e7o que permite ao cidad\u00e3o com\u00a0<strong>sugest\u00f5es</strong>\u00a0e\u00a0<strong>coment\u00e1rios</strong>\u00a0colaborar com a qualidade dos servi\u00e7os prestados.</p>\r\n<p class=\" \" style=\"text-align: justify; \">\u00c9 um servi\u00e7o oferecido ao cidad\u00e3o para que este possa se manifestar,\u00a0<strong>fazendo den\u00fancias,</strong>\u00a0<strong>reclama\u00e7\u00f5es</strong>\u00a0,\u00a0<strong>pedindo informa\u00e7\u00f5es</strong>,\u00a0<strong>oferecendo sugest\u00f5es</strong>\u00a0de aprimoramento ou mesmo\u00a0<strong>elogiando o desempenho</strong>\u00a0da C\u00e2mara de Vereadores.</p>\r\n<p class=\" \" style=\"text-align: justify; \">Apresenta-se como um instrumento aut\u00eantico da democracia participativa na medida em que transporta o cidad\u00e3o comum para o \u00e2mbito do Poder Legislativo que ganha voz atrav\u00e9s do ouvidor, uma vez que suas manifesta\u00e7\u00f5es/demandas s\u00e3o recebidas, analisadas e respondidas.</p>\r\n<p>\u00a0</p>\r\n<h3><strong>Quantos votos s\u00e3o necess\u00e1rios para se eleger Vereador?<a name=\"p24\"></a></strong></h3>\r\n<p class=\" \" style=\"text-align: justify; \">Essa quantidade varia de acordo com o chamado quociente eleitoral de cada munic\u00edpio. Esse n\u00famero \u00e9 obtido dividindo-se o n\u00famero de votos v\u00e1lidos (exclu\u00eddos os brancos e nulos), sejam eles nominais ou na legenda, pelo n\u00famero de lugares a serem preenchidos na C\u00e2mara Municipal. Por exemplo, em uma cidade h\u00e1 nove vagas para vereador, e concorrem a elas tr\u00eas partidos (A,B e C) e a <em>coliga\u00e7\u00e3o D (<i>vide observa\u00e7\u00e3o</i>)</em>. A legenda A obteve 1.900 votos, a B, 1.350, a C, 550, e a <em>coliga\u00e7\u00e3o</em> <em>D<em>\u00a0(<i>vide observa\u00e7\u00e3o</i>)</em></em>, 2.250. Os votos v\u00e1lidos na cidade somam 6.050. Dividindo-se os votos pelas vagas (6.050 / 9), obt\u00eam-se um quociente eleitoral de 672. Assim, apenas as legendas A e B e a <em>coliga\u00e7\u00e3o D</em>\u00a0<em>(<i>vide observa\u00e7\u00e3o</i>)</em>\u00a0conseguiram votos suficientes para atingir o quociente eleitoral e ter\u00e3o direito a preencher as vagas dispon\u00edveis.</p>\r\n<p class=\" \" style=\"text-align: justify; \"><em><strong>Exemplo:\u00a0</strong></em></p>\r\n<p class=\" \" style=\"text-align: justify; \">Temos 9 vagas para serem preenchidas e 6.050 votos v\u00e1lidos (exclu\u00eddos brancos e nulos).</p>\r\n<table class=\"plain\">\r\n<tbody>\r\n<tr><th>Partido ou coliga\u00e7\u00e3o</th><th>Votos obtidos</th></tr>\r\n<tr>\r\n<td>Partido A</td>\r\n<td style=\"text-align: center; \">1.900</td>\r\n</tr>\r\n<tr>\r\n<td><span>Partido B</span></td>\r\n<td style=\"text-align: center; \">.1.350</td>\r\n</tr>\r\n<tr>\r\n<td><span><span>Partido C</span></span></td>\r\n<td style=\"text-align: center; \">550</td>\r\n</tr>\r\n<tr>\r\n<td><span><span><span><em>Coliga\u00e7\u00e3o D\u00a0\u00a0(<i>vide observa\u00e7\u00e3o</i>)</em></span></span></span></td>\r\n<td style=\"text-align: center; \">2.250</td>\r\n</tr>\r\n<tr>\r\n<td><strong>Total de votos v\u00e1lidos</strong></td>\r\n<td style=\"text-align: center; \"><strong>6.050</strong></td>\r\n</tr>\r\n</tbody>\r\n</table>\r\n<p class=\" \" style=\"text-align: justify; \">\u00a0Q. = votos / vagas = 6050 / 9 = 672,22</p>\r\n<p class=\" \" style=\"text-align: justify; \">Seguindo a regra de arredondamento especificada temos um quociente eleitoral de 672. Para cada partido temos ent\u00e3o:</p>\r\n<table class=\"plain\">\r\n<tbody>\r\n<tr><th>Partido/Coliga\u00e7\u00e3o</th><th>Quociente partid\u00e1rio</th><th>Vagas</th></tr>\r\n<tr>\r\n<td style=\"text-align: center; \">A</td>\r\n<td style=\"text-align: center; \">1.900/672 = 2,8273</td>\r\n<td style=\"text-align: center; \">2</td>\r\n</tr>\r\n<tr>\r\n<td style=\"text-align: center; \">B</td>\r\n<td style=\"text-align: center; \">1.350/672 = 2,0089</td>\r\n<td style=\"text-align: center; \">2</td>\r\n</tr>\r\n<tr>\r\n<td style=\"text-align: center; \">C</td>\r\n<td style=\"text-align: center; \">550/672 = 0,8184</td>\r\n<td style=\"text-align: center; \">-</td>\r\n</tr>\r\n<tr>\r\n<td style=\"text-align: center; \">D*</td>\r\n<td style=\"text-align: center; \">2.250/672 = 3,3482</td>\r\n<td style=\"text-align: center; \">3</td>\r\n</tr>\r\n<tr>\r\n<td><strong>Total</strong></td>\r\n<td></td>\r\n<td style=\"text-align: center; \"><strong>7</strong></td>\r\n</tr>\r\n<tr>\r\n<td><strong>Sobras</strong></td>\r\n<td></td>\r\n<td style=\"text-align: center; \"><strong>2</strong></td>\r\n</tr>\r\n</tbody>\r\n</table>\r\n</div>\r\n<div class=\"resposta\">\r\n<p><span><strong>*</strong>\u00a0<i>Observa\u00e7\u00e3o</i>: <strong>A EC n\u00b0 97/2017 alterou a CF/1988 e passou a vedar a celebra\u00e7\u00e3o de coliga\u00e7\u00f5es partid\u00e1rias nas elei\u00e7\u00f5es proporcionais a partir das elei\u00e7\u00f5es de 2020. Os exemplos mant\u00eam as coliga\u00e7\u00f5es exclusivamente para compreens\u00e3o do c\u00e1lculo na s\u00e9rie hist\u00f3rica (elei\u00e7\u00f5es anteriores a 2020).</strong></span></p>\r\n<p>Assim temos 7 vagas preenchidas, e as duas vagas restantes devem ser preenchidas usando-se o m\u00e9todo das m\u00e9dias ou distribui\u00e7\u00e3o das sobras.</p>\r\n<p>Para preencher a sobra deve-se calcular a m\u00e9dia ( M = Quociente eleitoral / (Cadeiras conquistadas +1)).\u00a0O partido que obtiver o maior valor de m\u00e9dia obter\u00e1 a primeira cadeira da sobra. Os valores s\u00e3o ent\u00e3o recalculados, ajustando o n\u00famero de cadeiras do partido que ganhou a sobra, at\u00e9 que n\u00e3o haja mais sobras.</p>\r\n<p><strong>Primeiro quadro de sobras</strong></p>\r\n<table class=\"plain\">\r\n<tbody>\r\n<tr><th>Partido/Coliga\u00e7\u00e3o</th><th>Quociente partid\u00e1rio</th><th style=\"text-align: center; \">Vagas</th><th style=\"text-align: center; \">M\u00e9dia</th><th style=\"text-align: center; \">Sobra</th></tr>\r\n<tr>\r\n<td style=\"text-align: center; \">A</td>\r\n<td style=\"text-align: center; \">1.900/672</td>\r\n<td style=\"text-align: center; \">2</td>\r\n<td style=\"text-align: center; \">1.900/(2+1) = 663</td>\r\n<td style=\"text-align: center; \">Sim</td>\r\n</tr>\r\n<tr>\r\n<td style=\"text-align: center; \">B</td>\r\n<td style=\"text-align: center; \">1.350/672</td>\r\n<td style=\"text-align: center; \">2</td>\r\n<td style=\"text-align: center; \">1.350/(2+1)= 450</td>\r\n<td style=\"text-align: center; \">-</td>\r\n</tr>\r\n<tr>\r\n<td style=\"text-align: center; \">C</td>\r\n<td style=\"text-align: center; \">550/572</td>\r\n<td style=\"text-align: center; \">0</td>\r\n<td style=\"text-align: center; \">550/(0+1) = 550</td>\r\n<td style=\"text-align: center; \">-</td>\r\n</tr>\r\n<tr>\r\n<td style=\"text-align: center; \">D*</td>\r\n<td style=\"text-align: center; \">2.250/672</td>\r\n<td style=\"text-align: center; \">3</td>\r\n<td style=\"text-align: center; \">2.250/(3+1) = 562</td>\r\n<td style=\"text-align: center; \">-</td>\r\n</tr>\r\n</tbody>\r\n</table>\r\n<p>\u00a0</p>\r\n<p><strong>Segundo quadro de sobras</strong></p>\r\n<table class=\"plain\">\r\n<tbody>\r\n<tr><th style=\"text-align: center; \">Partido/Coliga\u00e7\u00e3o</th><th style=\"text-align: center; \">Quociente partid\u00e1rio</th><th style=\"text-align: center; \">Vagas</th><th style=\"text-align: center; \">M\u00e9dia</th><th style=\"text-align: center; \">Sobra</th></tr>\r\n<tr>\r\n<td style=\"text-align: center; \">A</td>\r\n<td style=\"text-align: center; \">1.900/672</td>\r\n<td style=\"text-align: center; \">3</td>\r\n<td style=\"text-align: center; \">1.900/(3+1) = 475</td>\r\n<td style=\"text-align: center; \">-</td>\r\n</tr>\r\n<tr>\r\n<td style=\"text-align: center; \">B</td>\r\n<td style=\"text-align: center; \">1.350/672</td>\r\n<td style=\"text-align: center; \">2</td>\r\n<td style=\"text-align: center; \">1.350/(2+1)= 450</td>\r\n<td style=\"text-align: center; \">-</td>\r\n</tr>\r\n<tr>\r\n<td style=\"text-align: center; \">C</td>\r\n<td style=\"text-align: center; \">550/572</td>\r\n<td style=\"text-align: center; \">0</td>\r\n<td style=\"text-align: center; \">550/(0+1) = 550</td>\r\n<td style=\"text-align: center; \">-</td>\r\n</tr>\r\n<tr>\r\n<td style=\"text-align: center; \">D*</td>\r\n<td style=\"text-align: center; \">2.250/672</td>\r\n<td style=\"text-align: center; \">3</td>\r\n<td style=\"text-align: center; \">2.250/(3+1) = 562</td>\r\n<td style=\"text-align: center; \">Sim<br /><br /></td>\r\n</tr>\r\n</tbody>\r\n</table>\r\n</div>\r\n<div class=\"resposta\">\r\n<p>Ao final do processo temos o partido/coliga\u00e7\u00e3o D com 4 cadeiras, A com 3 e B com 2, totalizando nossas 9 cadeiras disputadas.</p>\r\n</div>\r\n<div class=\"resposta\">\r\n<p><strong><em>Fonte: (</em></strong><a class=\"external-link\" href=\"http://www.tse.jus.br/eleitor/glossario/termos/quociente-eleitoral\" target=\"_blank\" title=\"Quociente eleitoral\">http://www.tse.jus.br/eleitor/glossario/termos/quociente-eleitoral</a>,\u00a0<a class=\"external-link\" href=\"https://www.tse.jus.br/servicos-eleitorais/glossario/termos/quociente-partidario\" target=\"_blank\" title=\"Quociente partid\u00e1rio\">https://www.tse.jus.br/servicos-eleitorais/glossario/termos/quociente-partidario</a><strong><em>)</em></strong></p>\r\n<p><strong><em><br /></em></strong></p>\r\n</div>\r\n<h3><strong>Como entro em contato com a C\u00e2mara de Vereadores?<a name=\"p25\"></a></strong></h3>\r\n<p class=\" \" style=\"text-align: justify; \">O cidad\u00e3o pode contatar a C\u00e2mara atrav\u00e9s do e-mail <a class=\"email-link\" href=\"mailto:poder.legislativo@hotmail.com\" target=\"_self\" title=\"\">poder.legislativo@hotmail.com</a>, ou atrav\u00e9s dos telefones (69) 3343-2157 e (69) 3343-2367.</p>\r\n<h3><a name=\"o-que---tribuna-livre-\"></a><strong><a name=\"p26\"></a>O que \u00e9 Tribuna Livre?<a name=\"p26\"></a></strong></h3>\r\n<p class=\" \" style=\"text-align: justify; \">De acordo com o Art. 155 do Regimento Interno, Tribuna Livre \u00e9 a parte da sess\u00e3o destinada \u00e0 manifesta\u00e7\u00e3o de mun\u00edcipes sobre mat\u00e9rias municipais, reivindica\u00e7\u00f5es ou at\u00e9 sobre proposi\u00e7\u00f5es objeto de iniciativa popular.</p>\r\n<p><span><br /></span></p>", "author_name": "Interlegis", "version": "1.0", "author_url": "https://www.corumbiara.ro.leg.br/author/Interlegis", "provider_name": "C\u00e2mara Municipal de Corumbiara", "type": "rich"}