{"provider_url": "https://www.corumbiara.ro.leg.br", "title": "\ud83d\udce2 Comunicado \u2013 Recesso Legislativo", "html": "<p style=\"text-align: justify; \" data-start=\"135\" data-end=\"329\">A C\u00e2mara Municipal de Corumbiara informa que, conforme o Regimento Interno, o <strong data-start=\"213\" data-end=\"236\">Recesso Legislativo</strong> ter\u00e1 in\u00edcio no dia <strong data-start=\"256\" data-end=\"279\">1\u00ba de julho de 2025</strong>, estendendo-se at\u00e9 o dia <strong data-start=\"305\" data-end=\"328\">31 de julho de 2025</strong>.\u00a0<span>Durante este per\u00edodo, as sess\u00f5es ordin\u00e1rias estar\u00e3o suspensas, sendo mantidos os servi\u00e7os administrativos e o atendimento ao p\u00fablico em hor\u00e1rio normal.</span></p>\r\n<p style=\"text-align: justify; \" data-start=\"484\" data-end=\"789\">Ressaltamos que os vereadores seguem \u00e0 disposi\u00e7\u00e3o da popula\u00e7\u00e3o para tratar de demandas urgentes ou de interesse p\u00fablico. Al\u00e9m disso, os parlamentares tamb\u00e9m estar\u00e3o \u00e0 disposi\u00e7\u00e3o para <strong data-start=\"669\" data-end=\"721\">deliberar e aprovar mat\u00e9rias de extrema urg\u00eancia</strong>, caso necess\u00e1rio, mediante <strong data-start=\"749\" data-end=\"788\">convoca\u00e7\u00e3o de sess\u00e3o extraordin\u00e1ria</strong>.</p>\r\n<p data-start=\"791\" data-end=\"827\">Contamos com a compreens\u00e3o de todos.</p>\r\n<p data-start=\"829\" data-end=\"908\"><strong data-start=\"829\" data-end=\"908\"><br /></strong></p>\r\n<p data-start=\"829\" data-end=\"908\">\u00a0</p>\r\n<p data-start=\"829\" data-end=\"908\"><strong data-start=\"829\" data-end=\"908\">C\u00e2mara Municipal de Corumbiara \u2013 Transpar\u00eancia e compromisso com o cidad\u00e3o.</strong></p>", "author_name": "", "version": "1.0", "author_url": "https://www.corumbiara.ro.leg.br/author/luiz.felipe", "provider_name": "C\u00e2mara Municipal de Corumbiara", "type": "rich"}